{"id":2247,"date":"2020-06-01T09:18:47","date_gmt":"2020-06-01T09:18:47","guid":{"rendered":"http:\/\/www.animandolucca.it\/?p=2247"},"modified":"2021-12-01T09:50:37","modified_gmt":"2021-12-01T09:50:37","slug":"animando-per-gli-artisti","status":"publish","type":"post","link":"https:\/\/www.animandolucca.it\/?p=2247","title":{"rendered":"Animando per gli artisti"},"content":{"rendered":"\n<p><strong>Animando<\/strong>&nbsp;fa proprio il grido di allarme che arriva dai professionisti della musica e dello spettacolo. In un momento complesso come quello attuale, con centinaia di date cancellate anche a Lucca, per l\u2019associazione diventa urgente una riflessione sulle misure che possono essere messe in campo a sostegno di un sistema che genera valore e che si avvale di competenze diverse. Un settore che \u2013 al netto dei contributi previsti per le partite Iva \u2013 ad oggi (29 aprile) non sembra aver ricevuto l\u2019attenzione che merita.<\/p>\n\n\n\n<p>\u201cDa quando \u00e8 iniziato il lockdown \u2013 commenta&nbsp;<strong>Paolo Citti<\/strong>, presidente di Animando \u2013 molte realt\u00e0 culturali in tutta Italia hanno reso accessibili i propri archivi digitali e sono stati organizzati numerosi concerti online. Anche noi lo abbiamo fatto e lo stiamo facendo con ottimi riscontri di pubblico: a dimostrazione, se mai ce ne fosse stato bisogno, che la musica \u00e8 anche consolazione, forza, energia. Spinte di cui tutti abbiamo necessit\u00e0 e che abbiamo il dovere di non farci mancare. Per questo \u2013 prosegue Citti \u2013 vogliamo dare voce ai tanti musicisti che vivono dei compensi per i loro spettacoli e che oggi sono in difficolt\u00e0. \u00c8 tempo di invertire il senso di marcia per non dover dire pi\u00f9 sottovoce quanto poco del nostro Pil venga investito in cultura\u201d.<\/p>\n\n\n\n<p>Per questo Animando vuole far conoscere l\u2019appello lanciato da<strong>&nbsp;Valentina Ciardelli<\/strong>, \u2018lucchese nel mondo\u2019, contrabbassista e compositrice originaria di Pietrasanta che ha fatto di Londra la sua seconda casa e che \u00e8 stata protagonista di concerti \u2013 dal vivo e online \u2013 organizzati dall\u2019associazione di Lucca.<\/p>\n\n\n\n<p>\u201c<strong>La situazione aiuti economici e sostegno delle arti in Gran Bretagna \u00e8 molto differente da quella su suolo italiano<\/strong>. Qui \u2013 spiega la musicista \u2013 non vengono menzionati numero di giornate lavorative e altri vincoli burocratici. Con dati alla mano di contratti persi o rimandati, \u00e8 possibile accedere in maniera subitanea a fondi straordinari e awards per poter coprire, almeno in parte, la perdita materiale delle attivit\u00e0 musicali a causa del Covid-19. In una situazione come questa, ancora una volta si pu\u00f2 evincere come lo \u2018spettacolo\u2019 abbia un senso estremamente sfuggente, e che non dovrebbe essere assolutamente valutato con una soglia di numero ma su sull\u2019attivit\u00e0 complessiva e di qualit\u00e0, come succede almeno in Gran Bretagna\u201d.<\/p>\n\n\n\n<p>\u201cIl sollevare questa questione da parte mia \u2013 prosegue Valentina Ciardelli \u2013 &nbsp;non ha l\u2019ombra della polemica o dell\u2019amarezza, ma soltanto quella di poter&nbsp;<strong>far pensare a chi amministra, e portare a conoscenza di chi vive nel Paese, di come e quanto l\u2019arte sia considerata all\u2019estero come un bene prezioso e un investimento<\/strong>&nbsp;e, di quanto poco invece, il nostro Paese (che ha costruito nei secoli la cultura che ci rende apprezzati, amati e stimati come popolo) ne percepisca realmente il valore morale ed economico\u201d.<\/p>\n\n\n\n<p>\u201cAbitare in un paese straniero \u00e8 una scelta libera \u2013 va avanti Ciardelli \u2013 ma per molti della mia generazione e pi\u00f9 giovani, in tutti i campi, \u00e8 una scelta dettata dalla necessit\u00e0 di uno spazio e una considerazione maggiore per il proprio futuro.&nbsp;<strong>Vivere all\u2019estero non \u00e8 il sogno americano del \u2018tutto va bene, tutto funziona e tutto \u00e8 semplice\u2019; \u00e8 una vita molto difficile, piena di soddisfazioni ma anche di grandi sacrifici perch\u00e9 vivere lontano da ci\u00f2 che si conosce e a cui si appartiene, specialmente in momenti come questo, \u00e8 un sacrificio<\/strong>. L\u2019idea di poter avere una carriera e delle possibilit\u00e0 concrete per poter accrescere culturalmente il paese, in Italia, credo sia nella prospettiva di tanti che come me sono andati via. Ma per fare questo c\u2019\u00e8 bisogno di un\u2019apertura, uno sforzo comunitario, un cambio di abitudini generale finalizzato alla riscoperta concreta delle risorse italiane culturali, finalizzata anche ad incentivare l\u2019investimento, per esempio, di privati nella cultura, con agevolazioni statali: realt\u00e0 attiva e concreta all\u2019estero\u201d.<\/p>\n\n\n\n<p>\u201cQuesta \u2013 conclude Ciardelli \u2013 sarebbe la vera rivoluzione, quella che non abbiamo mai avuto in Italia, una rivoluzione a colpi di pennello, archetti, passi di danza e chi pi\u00f9 ne ha pi\u00f9 ne metta. Concludo citando un signore che per la nostra cultura ha fatto tanto, Dante Alighieri: \u2018Fatti non foste a viver come bruti\u2019. Con la cultura si mangia eccome, in tutti i sensi. Con l\u2019ignoranza, stiamo vedendo, si fa la fame e basta\u201d.<\/p>\n","protected":false},"excerpt":{"rendered":"<p>Animando&nbsp;fa proprio il grido di allarme che arriva dai professionisti della musica e dello spettacolo. In un momento complesso come quello attuale, con centinaia di date cancellate anche a Lucca, per l\u2019associazione diventa urgente una riflessione sulle misure che possono essere messe in campo a sostegno di un sistema che genera valore e che si [&hellip;]<\/p>\n","protected":false},"author":3,"featured_media":0,"comment_status":"open","ping_status":"open","sticky":false,"template":"","format":"standard","meta":{"footnotes":""},"categories":[7],"tags":[],"gutentor_comment":0,"_links":{"self":[{"href":"https:\/\/www.animandolucca.it\/index.php?rest_route=\/wp\/v2\/posts\/2247"}],"collection":[{"href":"https:\/\/www.animandolucca.it\/index.php?rest_route=\/wp\/v2\/posts"}],"about":[{"href":"https:\/\/www.animandolucca.it\/index.php?rest_route=\/wp\/v2\/types\/post"}],"author":[{"embeddable":true,"href":"https:\/\/www.animandolucca.it\/index.php?rest_route=\/wp\/v2\/users\/3"}],"replies":[{"embeddable":true,"href":"https:\/\/www.animandolucca.it\/index.php?rest_route=%2Fwp%2Fv2%2Fcomments&post=2247"}],"version-history":[{"count":1,"href":"https:\/\/www.animandolucca.it\/index.php?rest_route=\/wp\/v2\/posts\/2247\/revisions"}],"predecessor-version":[{"id":2248,"href":"https:\/\/www.animandolucca.it\/index.php?rest_route=\/wp\/v2\/posts\/2247\/revisions\/2248"}],"wp:attachment":[{"href":"https:\/\/www.animandolucca.it\/index.php?rest_route=%2Fwp%2Fv2%2Fmedia&parent=2247"}],"wp:term":[{"taxonomy":"category","embeddable":true,"href":"https:\/\/www.animandolucca.it\/index.php?rest_route=%2Fwp%2Fv2%2Fcategories&post=2247"},{"taxonomy":"post_tag","embeddable":true,"href":"https:\/\/www.animandolucca.it\/index.php?rest_route=%2Fwp%2Fv2%2Ftags&post=2247"}],"curies":[{"name":"wp","href":"https:\/\/api.w.org\/{rel}","templated":true}]}}