{"id":2804,"date":"2021-07-13T09:29:31","date_gmt":"2021-07-13T09:29:31","guid":{"rendered":"http:\/\/www.animandolucca.it\/?p=2804"},"modified":"2021-12-01T09:49:21","modified_gmt":"2021-12-01T09:49:21","slug":"la-musica-estiva-di-animando","status":"publish","type":"post","link":"https:\/\/www.animandolucca.it\/?p=2804","title":{"rendered":"La musica estiva di Animando"},"content":{"rendered":"\n<div class=\"wp-block-image\"><figure class=\"aligncenter size-large is-resized\"><a href=\"https:\/\/www.animandolucca.it\/wp-content\/uploads\/2021\/07\/IntestazioneEstate-2021-1-scaled.jpg\"><img loading=\"lazy\" decoding=\"async\" src=\"https:\/\/www.animandolucca.it\/wp-content\/uploads\/2021\/07\/IntestazioneEstate-2021-1-1024x391.jpg\" alt=\"\" class=\"wp-image-2807\" width=\"392\" height=\"149\" srcset=\"https:\/\/www.animandolucca.it\/wp-content\/uploads\/2021\/07\/IntestazioneEstate-2021-1-1024x391.jpg 1024w, https:\/\/www.animandolucca.it\/wp-content\/uploads\/2021\/07\/IntestazioneEstate-2021-1-300x115.jpg 300w, https:\/\/www.animandolucca.it\/wp-content\/uploads\/2021\/07\/IntestazioneEstate-2021-1-768x294.jpg 768w, https:\/\/www.animandolucca.it\/wp-content\/uploads\/2021\/07\/IntestazioneEstate-2021-1-1536x587.jpg 1536w, https:\/\/www.animandolucca.it\/wp-content\/uploads\/2021\/07\/IntestazioneEstate-2021-1-2048x783.jpg 2048w\" sizes=\"(max-width: 392px) 100vw, 392px\" \/><\/a><\/figure><\/div>\n\n\n\n<p>La mappa dei concerti estivi di Animando assomiglia ad una stella. Il centro \u00e8 nel <strong>cuore di Lucca:<\/strong> l\u00ec gli eventi si svolgono in due location superbe: il Teatro del Giglio e la sua piazza; il Chiostro medievale di Santa Caterina al <strong>Real Collegio<\/strong>.<\/p>\n\n\n\n<p>Da questo centro si dipartono poi raggi che portano, ad occidente, verso la Versilia, dove a <strong>Corsanico<\/strong> si tiene un rinomato <em><strong>Corsanico Festival<\/strong><\/em> estivo; e poi, verso oriente, a <strong>Borgo a Buggiano<\/strong> in Provincia di Pistoia, sede della rassegna <strong><em>Oltremusica,<\/em><\/strong> verso Porcari, sede dell\u2019<strong><em>Estate Porcarese <\/em><\/strong>all\u2019aperto, a S. Andrea di Compito, con la <strong><em>musica nel Camelieto<\/em><\/strong> e, infine, con una sola puntata, a nord, verso <strong>Bagni di Lucca<\/strong>, che ospita il <em><strong>Premio Betti<\/strong><\/em> per quartetto d\u2019archi.<\/p>\n\n\n\n<p>Ad una larga variet\u00e0 dei luoghi corrisponde una forte unitariet\u00e0 dei temi musicali: Animando non rinuncia mai alla musica colta, anche quando si cimenta con la musica leggera. Ecco cos\u00ec ripresentarsi i grandi genii della musica &#8211; <strong>Mozart e Beethoven<\/strong> &#8211; che ritornano in pi\u00f9 concerti, ecco i grandi maestri del Novecento, come <strong>Piazzolla<\/strong> (di cui ricorre il centenario della nascita), <strong>Puccini e Morricone<\/strong>, ecco l\u2019opera buffa settecentesca <strong>\u201cLa serva padrona\u201d di Pergolesi,<\/strong> ma anche <strong>Paganini <\/strong>\u2013 con la sua <em><strong>Tempesta<\/strong><\/em> mai eseguita a Lucca. Alcuni eventi hanno un carattere quasi didascalico e formativo (<em><strong>Dialoghi sul Romanticismo; i linguaggi della musica<\/strong><\/em>). E infine una serata dedicata ai cantautori storici del secondo Novecento, quelli che chiamiamo <strong><em>\u201cI poeti dell\u2019amore perduto\u201d<\/em><\/strong>, cio\u00e8 come sostengono molti critici, i poeti italiani pi\u00f9 significativi del secolo scorso.<\/p>\n\n\n\n<p>Quanto agli artisti e interpreti, la scelta di Animando \u00a0predilige giovani maestri lucchesi di talento, emergenti (come <strong>Stefano Teani, Ilaria Casai, Cristina Papini<\/strong>) o dalla carriera gi\u00e0 consolidata e di sicuro valore, (come <strong>Fabrizio Datteri, Filippo Rogai<\/strong>\u2026), ma accoglie anche alcuni nomi di grande spicco nazionale come <strong>Paolo Carlini<\/strong> (fagotto), <strong>Alessio Bidoli<\/strong> (pianoforte), <strong>Christian Saccon<\/strong> (violino). Senza dimenticare <strong>Laura De Luca<\/strong>, gloria lucchese, vocalist e flauto della band di de Andr\u00e9.<\/p>\n\n\n\n<p>Il <strong>programma dettagliato<\/strong> degli eventi \u00e8 rinvenibile al link omonimo.<\/p>\n","protected":false},"excerpt":{"rendered":"<p>La mappa dei concerti estivi di Animando assomiglia ad una stella. Il centro \u00e8 nel cuore di Lucca: l\u00ec gli eventi si svolgono in due location superbe: il Teatro del Giglio e la sua piazza; il Chiostro medievale di Santa Caterina al Real Collegio. Da questo centro si dipartono poi raggi che portano, ad occidente, [&hellip;]<\/p>\n","protected":false},"author":142,"featured_media":0,"comment_status":"open","ping_status":"open","sticky":false,"template":"","format":"standard","meta":{"footnotes":""},"categories":[1],"tags":[],"gutentor_comment":0,"_links":{"self":[{"href":"https:\/\/www.animandolucca.it\/index.php?rest_route=\/wp\/v2\/posts\/2804"}],"collection":[{"href":"https:\/\/www.animandolucca.it\/index.php?rest_route=\/wp\/v2\/posts"}],"about":[{"href":"https:\/\/www.animandolucca.it\/index.php?rest_route=\/wp\/v2\/types\/post"}],"author":[{"embeddable":true,"href":"https:\/\/www.animandolucca.it\/index.php?rest_route=\/wp\/v2\/users\/142"}],"replies":[{"embeddable":true,"href":"https:\/\/www.animandolucca.it\/index.php?rest_route=%2Fwp%2Fv2%2Fcomments&post=2804"}],"version-history":[{"count":2,"href":"https:\/\/www.animandolucca.it\/index.php?rest_route=\/wp\/v2\/posts\/2804\/revisions"}],"predecessor-version":[{"id":2809,"href":"https:\/\/www.animandolucca.it\/index.php?rest_route=\/wp\/v2\/posts\/2804\/revisions\/2809"}],"wp:attachment":[{"href":"https:\/\/www.animandolucca.it\/index.php?rest_route=%2Fwp%2Fv2%2Fmedia&parent=2804"}],"wp:term":[{"taxonomy":"category","embeddable":true,"href":"https:\/\/www.animandolucca.it\/index.php?rest_route=%2Fwp%2Fv2%2Fcategories&post=2804"},{"taxonomy":"post_tag","embeddable":true,"href":"https:\/\/www.animandolucca.it\/index.php?rest_route=%2Fwp%2Fv2%2Ftags&post=2804"}],"curies":[{"name":"wp","href":"https:\/\/api.w.org\/{rel}","templated":true}]}}