{"id":3063,"date":"2022-01-11T12:51:52","date_gmt":"2022-01-11T11:51:52","guid":{"rendered":"http:\/\/www.animandolucca.it\/?p=3063"},"modified":"2022-04-15T16:56:18","modified_gmt":"2022-04-15T15:56:18","slug":"il-trionfo-della-bellezza-con-animando-sosteneteci","status":"publish","type":"post","link":"https:\/\/www.animandolucca.it\/?p=3063","title":{"rendered":"Il trionfo della bellezza, con Animando. Sosteneteci"},"content":{"rendered":"\n<div class=\"wp-block-media-text alignwide has-media-on-the-right is-stacked-on-mobile\" style=\"grid-template-columns:auto 33%\"><figure class=\"wp-block-media-text__media\"><img loading=\"lazy\" decoding=\"async\" width=\"1024\" height=\"575\" src=\"https:\/\/www.animandolucca.it\/wp-content\/uploads\/2022\/01\/2022-01-09-18.41.15-1024x575.jpg\" alt=\"\" class=\"wp-image-3068 size-full\" srcset=\"https:\/\/www.animandolucca.it\/wp-content\/uploads\/2022\/01\/2022-01-09-18.41.15-1024x575.jpg 1024w, https:\/\/www.animandolucca.it\/wp-content\/uploads\/2022\/01\/2022-01-09-18.41.15-300x169.jpg 300w, https:\/\/www.animandolucca.it\/wp-content\/uploads\/2022\/01\/2022-01-09-18.41.15-768x431.jpg 768w, https:\/\/www.animandolucca.it\/wp-content\/uploads\/2022\/01\/2022-01-09-18.41.15-1536x863.jpg 1536w, https:\/\/www.animandolucca.it\/wp-content\/uploads\/2022\/01\/2022-01-09-18.41.15-2048x1150.jpg 2048w\" sizes=\"(max-width: 1024px) 100vw, 1024px\" \/><\/figure><div class=\"wp-block-media-text__content\">\n<p>Quelli che domenica scorsa 9 gennaio, in un pomeriggio freddo e funestato dall\u2019effetto contagio da Covid, hanno trovato il coraggio di uscire di casa, rischiare di trovarsi in una ambiente poco riscaldato, imbacuccati e mascherati FFP2, disponibili a sedersi sulle panche penitenziali della Chiesa dei Servi, quelle <strong>cento e pi\u00f9 persone<\/strong> attratte da un programma tanto importante quanto insolito per una \u201ccitt\u00e0 della musica\u201d come Lucca vorrebbe essere, <strong>tutte quelle belle persone<\/strong> (fra cui il <strong>sindaco Tambellini<\/strong> e Sig.ra) hanno ricevuto un premio impareggiabile: trovarsi in mezzo ad una <strong>grande orchestra<\/strong> (la toscana <strong>Nuove Assonanze<\/strong> [<em>foto sotto<\/em>]), <strong>quaranta strumentisti<\/strong> affiatati e perfetti quasi come i Berliner, con un direttore, il <strong>M\u00b0 bulgaro Svilen Simeonov<\/strong>, energico e appassionato, un violino solista, il <strong>giovane <em>millennial<\/em> Giacomo Nesi<\/strong>, che nel <strong>sublime concerto ciajckovskiano<\/strong> ha fatto vibrare il suo violino con una maestria e una intensit\u00e0 interpretativa da star, senza il supporto di alcuna partitura; e infine <strong>la grazia teatrale di Nicola Fanucchi<\/strong> a portare la parola dentro la grande musica, raccontando la storia ibseniana del <strong>Peer Gynt<\/strong> incastonata nelle melodie ritmiche di <strong>Grieg, <\/strong>fascinose e popolari, usate a man bassa nei caroselli pubblicitari e sempre di una bellezza sconvolgente.<\/p>\n<\/div><\/div>\n\n\n\n<div class=\"wp-block-media-text alignwide is-stacked-on-mobile\" style=\"grid-template-columns:33% auto\"><figure class=\"wp-block-media-text__media\"><img loading=\"lazy\" decoding=\"async\" width=\"1024\" height=\"575\" src=\"https:\/\/www.animandolucca.it\/wp-content\/uploads\/2022\/01\/2022-01-09-18.55.04-1024x575.jpg\" alt=\"\" class=\"wp-image-3067 size-full\" srcset=\"https:\/\/www.animandolucca.it\/wp-content\/uploads\/2022\/01\/2022-01-09-18.55.04-1024x575.jpg 1024w, https:\/\/www.animandolucca.it\/wp-content\/uploads\/2022\/01\/2022-01-09-18.55.04-300x169.jpg 300w, https:\/\/www.animandolucca.it\/wp-content\/uploads\/2022\/01\/2022-01-09-18.55.04-768x431.jpg 768w, https:\/\/www.animandolucca.it\/wp-content\/uploads\/2022\/01\/2022-01-09-18.55.04-1536x863.jpg 1536w, https:\/\/www.animandolucca.it\/wp-content\/uploads\/2022\/01\/2022-01-09-18.55.04-2048x1150.jpg 2048w\" sizes=\"(max-width: 1024px) 100vw, 1024px\" \/><\/figure><div class=\"wp-block-media-text__content\">\n<p> Tutto questo \u00e8 avvenuto entro la <strong>magia acustica della Chiesa dei Servi,<\/strong> che mai, come in questa occasione, ha offerto il pi\u00f9 conveniente scenario, la pi\u00f9 bella atmosfera, le <strong>sfumature dei suoni <\/strong>che dal soffitto ligneo rimbalzavano lievi e rotondi fra le belle persone raccolte ed estasiate. Alla fine, quando il M\u00b0 ha chiuso alzando al cielo le mani, un attimo di silenzio attonito e incredulo ha preceduto un <strong>applauso lunghissimo<\/strong> a tutti gli artisti, al direttore Simeonov, a Nicola Fanucchi, a Giacomo Nesi e a <strong>Massimo Nesi suo padre<\/strong>, primo violino dell\u2019Orchestra Nuove Assonanze, e anche ad <strong>Alan Freiles Magnatta,<\/strong> padre e presidente della stessa Orchestra, con cui Animando da sempre collabora con grande soddisfazione. Insomma un trionfo, un successo ancor pi\u00f9 forte perch\u00e9 ostacolato dalle avversit\u00e0 del momento. <strong>Una vittoria della bellezza<\/strong>, che ha fatto dimenticare anche il disagio di una temperatura interna calante e dei piedi rinfreddoliti. <\/p>\n<\/div><\/div>\n\n\n\n<div class=\"wp-block-media-text alignwide has-media-on-the-right is-stacked-on-mobile\" style=\"grid-template-columns:auto 33%\"><figure class=\"wp-block-media-text__media\"><img loading=\"lazy\" decoding=\"async\" width=\"1024\" height=\"575\" src=\"https:\/\/www.animandolucca.it\/wp-content\/uploads\/2022\/01\/2022-01-09-20.17.08-1024x575.jpg\" alt=\"\" class=\"wp-image-3066 size-full\" srcset=\"https:\/\/www.animandolucca.it\/wp-content\/uploads\/2022\/01\/2022-01-09-20.17.08-1024x575.jpg 1024w, https:\/\/www.animandolucca.it\/wp-content\/uploads\/2022\/01\/2022-01-09-20.17.08-300x169.jpg 300w, https:\/\/www.animandolucca.it\/wp-content\/uploads\/2022\/01\/2022-01-09-20.17.08-768x431.jpg 768w, https:\/\/www.animandolucca.it\/wp-content\/uploads\/2022\/01\/2022-01-09-20.17.08-1536x863.jpg 1536w, https:\/\/www.animandolucca.it\/wp-content\/uploads\/2022\/01\/2022-01-09-20.17.08-2048x1150.jpg 2048w\" sizes=\"(max-width: 1024px) 100vw, 1024px\" \/><\/figure><div class=\"wp-block-media-text__content\">\n<p>Con la grazia assoluta di questo primo concerto del nuovo anno 2022, <strong>Animando si congeda dal suo pubblico per un po\u2019<\/strong>: riprender\u00e0 a fine febbraio e marzo con la <strong>Rassegna della Canzone d\u2019autore <\/strong>(tre serate di musica dedicate rispettivamente al recupero della <strong>canzone Napoletana<\/strong>, dei cantautori della scuola genovese <strong>Umberto Bindi\/Bruno Lauzi,<\/strong> del genio di <strong>Lucio Dalla<\/strong>, precedute da conferenze e incontri di presentazione). Col mese di aprile, poi, <strong>riprenderemo i concerti del Settecento Musicale a Lucca, con grandi orchestre e grandissimi solisti di livello internazionale.<\/strong><\/p>\n<\/div><\/div>\n\n\n\n<p>Nel frattempo ci dedicheremo a cercare <strong>nuovi adepti<\/strong>, disposti a entrare nella comunit\u00e0 di Animando facendosene soci e partecipando ai suoi eventi sociali (All\u2019Opera !, lezioni e conferenze sui temi musicali) e, perch\u00e9 no ?, <strong>pronti a dare una mano al volontariato sui cui vive Animando<\/strong>. Arrivederci<\/p>\n","protected":false},"excerpt":{"rendered":"<p>Quelli che domenica scorsa 9 gennaio, in un pomeriggio freddo e funestato dall\u2019effetto contagio da Covid, hanno trovato il coraggio di uscire di casa, rischiare di trovarsi in una ambiente poco riscaldato, imbacuccati e mascherati FFP2, disponibili a sedersi sulle panche penitenziali della Chiesa dei Servi, quelle cento e pi\u00f9 persone attratte da un programma [&hellip;]<\/p>\n","protected":false},"author":142,"featured_media":0,"comment_status":"open","ping_status":"open","sticky":false,"template":"","format":"standard","meta":{"footnotes":""},"categories":[7],"tags":[],"gutentor_comment":0,"_links":{"self":[{"href":"https:\/\/www.animandolucca.it\/index.php?rest_route=\/wp\/v2\/posts\/3063"}],"collection":[{"href":"https:\/\/www.animandolucca.it\/index.php?rest_route=\/wp\/v2\/posts"}],"about":[{"href":"https:\/\/www.animandolucca.it\/index.php?rest_route=\/wp\/v2\/types\/post"}],"author":[{"embeddable":true,"href":"https:\/\/www.animandolucca.it\/index.php?rest_route=\/wp\/v2\/users\/142"}],"replies":[{"embeddable":true,"href":"https:\/\/www.animandolucca.it\/index.php?rest_route=%2Fwp%2Fv2%2Fcomments&post=3063"}],"version-history":[{"count":2,"href":"https:\/\/www.animandolucca.it\/index.php?rest_route=\/wp\/v2\/posts\/3063\/revisions"}],"predecessor-version":[{"id":3070,"href":"https:\/\/www.animandolucca.it\/index.php?rest_route=\/wp\/v2\/posts\/3063\/revisions\/3070"}],"wp:attachment":[{"href":"https:\/\/www.animandolucca.it\/index.php?rest_route=%2Fwp%2Fv2%2Fmedia&parent=3063"}],"wp:term":[{"taxonomy":"category","embeddable":true,"href":"https:\/\/www.animandolucca.it\/index.php?rest_route=%2Fwp%2Fv2%2Fcategories&post=3063"},{"taxonomy":"post_tag","embeddable":true,"href":"https:\/\/www.animandolucca.it\/index.php?rest_route=%2Fwp%2Fv2%2Ftags&post=3063"}],"curies":[{"name":"wp","href":"https:\/\/api.w.org\/{rel}","templated":true}]}}