{"id":3609,"date":"2023-01-31T18:53:33","date_gmt":"2023-01-31T17:53:33","guid":{"rendered":"http:\/\/www.animandolucca.it\/?p=3609"},"modified":"2023-01-31T18:53:36","modified_gmt":"2023-01-31T17:53:36","slug":"la-nuova-stagione-2023-di-animando-con-stefano-teani-direttore-artistico","status":"publish","type":"post","link":"https:\/\/www.animandolucca.it\/?p=3609","title":{"rendered":"La nuova stagione 2023 di Animando, con Stefano Teani, direttore artistico"},"content":{"rendered":"\n<p>Inizia con grandi novit\u00e0 la stagione di concerti 2023 del centro di promozione musicale Animando, che ha nominato per la prima volta un direttore artistico. \u00abAbbiamo scelto <strong>Stefano Teani<\/strong>\u00bb dice il presidente <strong>Paolo Citti <\/strong>\u00ab<em>giovane eccellenza<br>lucchese formatasi all\u2019Istituto Boccherini e gi\u00e0 nota sul territorio per la sua attivit\u00e0 di pianista, compositore e direttore d\u2019orchestra\u00bb<\/em>. A soli 22 anni \u00e8 stato scelto da Riccardo Muti per la sua Italian Opera Academy ed \u00e8 compositore in residence dell\u2019Accademia di Montegral di Gustav Kuhn (del quale \u00e8 anche assistente). Lavora stabilmente al Tiroler Festspiele Erl in Austria come maestro collaboratore e assistente alla direzione e, nel 2020, ha fondato l\u2019Orchestra Sinfonica della Versilia. \u00c8 autore del libro L\u2019Epoca dell\u2019Essere, la musica del mondo nuovo &#8211; Felici Editore, \u00e8 anche divulgatore appassionato, come si evince dal suo fortunato podcast Ginger Classics &#8211; Aperitivi Musicali. Il giovane Direttore ha scelto una ricorrenza artistica rilevante dell\u2019anno di 2023 per \u201ctracciare la rotta\u201d della stagione: i 50 anni dalla scomparsa di Pablo Picasso. Cos\u00ec il Maestro Teani spiega il filo conduttore della stagione: \u201cho scelto per la stagione 2023 un motto emblematico: \u201cscuotere la polvere\u201d, tratto da una celebre frase di Picasso: \u00abL\u2019arte scuote dall\u2019anima la polvere accumulata nella vita di tutti i giorni\u00bb. Per far questo, non solo Animando propone dei concerti meno ordinari del solito (sia per scelta di programmi che per strumenti e artisti coinvolti) ma soprattutto punta a creare una rete di collaborazioni di qualit\u00e0.\u201d<br>Come \u00e8 noto, Picasso ha attraversato tre periodi creativi distinti: il periodo blu, quello rosa per poi approdare al celeberrimo Cubismo. Analogamente, gli eventi programmati  per la stagione 2023 saranno suddivisi in tre parti: <strong>Animando Blu<\/strong> (da gennaio ad aprile), <strong>Animando Rosa<\/strong> (da maggio ad agosto) Animando al Cubo (da settembre a dicembre). Il primo periodo comprender\u00e0 eventi pi\u00f9 raccolti, di stampo cameristico e pi\u00f9 riflessivo. Nel secondo si aggiungeranno concerti con orchestra e format nuovi, freschi, di divulgazione e intrattenimento. All\u2019ultimo si riservano le sorprese maggiori, con eventi dislocati in luoghi non ordinari, suggestivi e programmazioni pi\u00f9 eclettiche e inaspettate. Da sottolineare nei mesi di giugno e agosto, i frizzanti Aperitivi Musicali,<br>una proposta musicale tutta stimolante per le serate estive. Imperdibile il Gran Gal\u00e0 Lirico in memoria di Maria Callas che si svolger\u00e0 sabato 23 settembre alle ore 18:00 presso il bellissimo Convento dell\u2019Angelo a Ponte a Moriano.<br><br>Animando, che da anni svolge a Lucca un\u2019intensa e proficua attivit\u00e0 di promozione musicale, con queste innovazioni, conferma ulteriormente l\u2019obiettivo di valorizzare i talenti del territorio (si tratti di artisti ancora residenti a Lucca o trasferitisi altrove e<br>che ritornano appositamente per esibirsi nella propria citt\u00e0) e la musica di autori lucchesi. I due filoni che Animando persegue da tempo sono il Settecento musicale a Lucca (che propone musica del periodo Classico, ricercando soprattutto autori nostrani poco eseguiti) e quello su La Canzone d\u2019autore, che va invece ad arrangiare e riproporre in veste diversa i pi\u00f9 amati brani della canzone popolare italiana del secolo scorso. Si aggiunge per la prima volta un nuovo format, preso in prestito dal<br>fortunato podcast Ginger Classics &#8211; Aperitivi Musicali, con incontri conviviali per parlare di musica in maniera fresca e divulgativa. Il primo appuntamento della stagione 2023 di Animando si terr\u00e0 sabato 11 febbraio alle ore 17:00 presso il Real Collegio di Lucca con lo spettacolo di danza Remember to Live, Carnival Edition. Di seguito il programma completo della stagione che \u201cscuote la polvere\u201d: I biglietti possono essere acquistati su sito https:\/\/oooh.events\/<br><\/p>\n\n\n\n<p><strong>ANIMANDO BLU<\/strong><br><strong><em>Febbraio<\/em><\/strong><br>\u2022<strong> Sabato 11 ore 17:00<\/strong> | <strong>Remember to live, Carnival Edition<\/strong> &#8211; Martina Di Riccio, Gianpaolo De Francesco (Ballerini), Luigi Gargano (Pianoforte) &#8211; Real collegio<br><strong><em>Marzo<\/em><\/strong><br>\u2022 <strong>Sabato 11 ore 17:00 <\/strong>| <strong>Aspettando How I met Puccini<\/strong> &#8211; Valentina Ciardelli (Contrabbasso), Anna Astesano (Arpa) &#8211; Biblioteca Agor\u00e0<br><strong><em>Aprile<\/em><\/strong><br>\u2022<strong> Sabato 1 ore 18:00<\/strong> | <strong>Anonymous in love<\/strong>, 700 afgano e lucchese a confronto &#8211; Mashal Arman (Mezzo-soprano), Orestis Kalampalikis (Chitarra) &#8211; Real Collegio<br>\u2022 <strong>Venerd\u00ec 7 ore 17:00<\/strong> | Concerto per il Venerd\u00ec Santo \u2013 Coro polifonico StereoTipi &#8211; Chiesa di Santa Maria Bianca<\/p>\n\n\n\n<p><strong>ANIMANDO ROSA<\/strong><br><strong>Maggio<\/strong><br>\u2022 <strong>Domenica 14 ore 18:00<\/strong> | <strong>L\u2019Ottocento di Brahms sulle tracce del Settecento di Viotti<\/strong> &#8211; Laura Bortolotto (Violino), Christian Joseph Saccon (Violino), Orchestra Nuove Assonanze, direttore Alan Freiles &#8211; Chiesa dei Servi<br><strong>Giugno<\/strong><br>\u2022 <strong>Domenica 4 ore 21:00<\/strong> | <strong>Mozart e Boccherini &#8211; Cos\u00ec vicini, cos\u00ec lontan<\/strong>i &#8211; Remo Pieri (Clarinetto), Orchestra Nuove Assonanze, direttore: Grigor Palikarov, Chiesa dei Servi<br>\u2022 <strong>Domenica 18 ore 21:00<\/strong> | <strong>Da Bach a Pergolesi<\/strong>: religione e teatro nel Settecento &#8211; Ensemble Animando, Christian Sebastianutto (Violino) direttore: Gianmaria Griglio &#8211; Chiesa dei Servi<br>\u2022 <strong>Mercoled\u00ec 21 ore 20:00<\/strong> | Gli aperitivi musicali di Ginger Classics &#8211; Incontro con artisti, a seguire:<br>Ore 21:15 | <strong>I capolavori della Canzone d\u2019autore del primo Novecento <\/strong>&#8211; Camilla Less Quartet &#8211; Real Collegio<br>\u2022 <strong>Venerd\u00ec 30 ore 20:00<\/strong> | Gli aperitivi musicali di Ginger Classics &#8211; Incontro con gli artisti,<br>a seguire <strong>ore 21:15<\/strong> | <strong>Modugno, Fred e dintorni<\/strong> &#8211; Nicola Pecci  e il suo gruppo &#8211; Real Collegio<br><strong>Luglio<\/strong><br>\u2022<strong> Sabato 15 ore 20:00<\/strong> | Gli aperitivi musicali di Ginger Classics &#8211; Incontro con artisti, a seguire:<br><strong>Ore 21.15 <\/strong>| <strong>Perch\u00e9 no, Lucio Battisti !<\/strong> &#8211; Marco Cattani e il suo gruppo con Michela Lombardi &#8211; Real Collegio<br>\u2022 <strong>Venerd\u00ec 28 ore 21:00 <\/strong>| Premio Betti &#8211; Bagni di Lucca, Giardino del Municipio.<br><\/p>\n\n\n\n<p><strong>ANIMANDO AL CUBO<\/strong><br><strong>Settembre<\/strong><br>\u2022 <strong>Venerd\u00ec 1 ore 17:00<\/strong> | <strong>Concerto Violino elettrico e loop-station <\/strong>&#8211; Francesco Carmignani (Violino) &#8211; Concessionaria Lucar Toyota<br>\u2022 <strong>Sabato 23 ore 18:00 <\/strong>| <strong>Gran gal\u00e0 lirico in memoria di Maria Callas<\/strong> &#8211; Maria Novella Malfatti (Soprano), Stefano Teani, pianoforte. Accademia di Montegral (Convento dell\u2019Angelo)<br><strong>Ottobre<\/strong><br>\u2022 <strong>Domenica 8 ore 18:00<\/strong> | <strong>Giornata Betti<\/strong> &#8211; Real Collegio<br><strong>Novembre<\/strong><br>\u2022 <strong>Sabato 11 ore 18:00<\/strong> | <strong>Da Vienna a San Pietroburgo<\/strong>: viaggio fra le corti imperiali &#8211; Giovanni Passalia e Claudio Cantini al pianoforte &#8211; Real Collegio<br><strong>Dicembre<\/strong><br>\u2022 Data da definire | Concerto unitario 2023 &#8211; Teatro del Giglio<\/p>\n","protected":false},"excerpt":{"rendered":"<p>Inizia con grandi novit\u00e0 la stagione di concerti 2023 del centro di promozione musicale Animando, che ha nominato per la prima volta un direttore artistico. \u00abAbbiamo scelto Stefano Teani\u00bb dice il presidente Paolo Citti \u00abgiovane eccellenzalucchese formatasi all\u2019Istituto Boccherini e gi\u00e0 nota sul territorio per la sua attivit\u00e0 di pianista, compositore e direttore d\u2019orchestra\u00bb. A [&hellip;]<\/p>\n","protected":false},"author":142,"featured_media":0,"comment_status":"open","ping_status":"open","sticky":true,"template":"","format":"standard","meta":{"footnotes":""},"categories":[1],"tags":[],"gutentor_comment":0,"_links":{"self":[{"href":"https:\/\/www.animandolucca.it\/index.php?rest_route=\/wp\/v2\/posts\/3609"}],"collection":[{"href":"https:\/\/www.animandolucca.it\/index.php?rest_route=\/wp\/v2\/posts"}],"about":[{"href":"https:\/\/www.animandolucca.it\/index.php?rest_route=\/wp\/v2\/types\/post"}],"author":[{"embeddable":true,"href":"https:\/\/www.animandolucca.it\/index.php?rest_route=\/wp\/v2\/users\/142"}],"replies":[{"embeddable":true,"href":"https:\/\/www.animandolucca.it\/index.php?rest_route=%2Fwp%2Fv2%2Fcomments&post=3609"}],"version-history":[{"count":2,"href":"https:\/\/www.animandolucca.it\/index.php?rest_route=\/wp\/v2\/posts\/3609\/revisions"}],"predecessor-version":[{"id":3695,"href":"https:\/\/www.animandolucca.it\/index.php?rest_route=\/wp\/v2\/posts\/3609\/revisions\/3695"}],"wp:attachment":[{"href":"https:\/\/www.animandolucca.it\/index.php?rest_route=%2Fwp%2Fv2%2Fmedia&parent=3609"}],"wp:term":[{"taxonomy":"category","embeddable":true,"href":"https:\/\/www.animandolucca.it\/index.php?rest_route=%2Fwp%2Fv2%2Fcategories&post=3609"},{"taxonomy":"post_tag","embeddable":true,"href":"https:\/\/www.animandolucca.it\/index.php?rest_route=%2Fwp%2Fv2%2Ftags&post=3609"}],"curies":[{"name":"wp","href":"https:\/\/api.w.org\/{rel}","templated":true}]}}